{"id":62372,"date":"2025-04-30T18:23:52","date_gmt":"2025-04-30T18:23:52","guid":{"rendered":"https:\/\/santakoblues.com\/fest\/?p=62372"},"modified":"2025-04-30T18:28:54","modified_gmt":"2025-04-30T18:28:54","slug":"entrevista-tofol-martinez-exile-magazine","status":"publish","type":"post","link":"https:\/\/santakoblues.com\/fest\/entrevista-tofol-martinez-exile-magazine\/","title":{"rendered":"Entrevista Tofol Mart\u00ednez Exile Magazine"},"content":{"rendered":"<p>Acompa\u00f1ado de su Blues Band, T\u00f2fol Mart\u00ednez ser\u00e1 uno de los platos fuertes del XII Festival de Blues de Santa Coloma de Gramenet. El 21 de Febrero en el Teatre Segarra de Santa Coloma. El guitarrista catal\u00e1n ha vuelto a la primera divisi\u00f3n de la mejor m\u00fasica con alma hecha en este pa\u00eds.<\/p>\n<p><a href=\"https:\/\/exileshmagazine.com\/2025\/02\/entrevista-tofol-martinez-blues.html\" target=\"_blank\" rel=\"noopener\">Leer entrevista<\/a><\/p>\n","protected":false},"excerpt":{"rendered":"<p>Acompa\u00f1ado de su Blues Band, T\u00f2fol Mart\u00ednez ser\u00e1 uno de los platos fuertes del XII Festival de Blues de Santa Coloma de Gramenet. El 21 de Febrero en el Teatre&hellip;<\/p>\n","protected":false},"author":1,"featured_media":62375,"comment_status":"closed","ping_status":"open","sticky":false,"template":"","format":"standard","meta":{"_seopress_robots_primary_cat":"none","_seopress_titles_title":"","_seopress_titles_desc":"","_seopress_robots_index":"","footnotes":""},"categories":[309],"tags":[],"class_list":["post-62372","post","type-post","status-publish","format-standard","has-post-thumbnail","hentry","category-notas-de-prensa"],"_links":{"self":[{"href":"https:\/\/santakoblues.com\/fest\/wp-json\/wp\/v2\/posts\/62372","targetHints":{"allow":["GET"]}}],"collection":[{"href":"https:\/\/santakoblues.com\/fest\/wp-json\/wp\/v2\/posts"}],"about":[{"href":"https:\/\/santakoblues.com\/fest\/wp-json\/wp\/v2\/types\/post"}],"author":[{"embeddable":true,"href":"https:\/\/santakoblues.com\/fest\/wp-json\/wp\/v2\/users\/1"}],"replies":[{"embeddable":true,"href":"https:\/\/santakoblues.com\/fest\/wp-json\/wp\/v2\/comments?post=62372"}],"version-history":[{"count":2,"href":"https:\/\/santakoblues.com\/fest\/wp-json\/wp\/v2\/posts\/62372\/revisions"}],"predecessor-version":[{"id":62377,"href":"https:\/\/santakoblues.com\/fest\/wp-json\/wp\/v2\/posts\/62372\/revisions\/62377"}],"wp:featuredmedia":[{"embeddable":true,"href":"https:\/\/santakoblues.com\/fest\/wp-json\/wp\/v2\/media\/62375"}],"wp:attachment":[{"href":"https:\/\/santakoblues.com\/fest\/wp-json\/wp\/v2\/media?parent=62372"}],"wp:term":[{"taxonomy":"category","embeddable":true,"href":"https:\/\/santakoblues.com\/fest\/wp-json\/wp\/v2\/categories?post=62372"},{"taxonomy":"post_tag","embeddable":true,"href":"https:\/\/santakoblues.com\/fest\/wp-json\/wp\/v2\/tags?post=62372"}],"curies":[{"name":"wp","href":"https:\/\/api.w.org\/{rel}","templated":true}]}}